{"id":89,"date":"2026-04-06T23:07:08","date_gmt":"2026-04-06T21:07:08","guid":{"rendered":"https:\/\/sigmer.dk\/?p=89"},"modified":"2026-04-08T00:08:48","modified_gmt":"2026-04-07T22:08:48","slug":"meddelelse","status":"publish","type":"post","link":"https:\/\/sigmer.dk\/index.php\/2026\/04\/06\/meddelelse\/","title":{"rendered":"Meddelelse"},"content":{"rendered":"\n<p>K\u00e6re alle,<\/p>\n\n\n\n<p>Vores vedt\u00e6gter foreskriver at vi afholder Generalforsamling i september m\u00e5ned, med en indkaldelse mindst 1 m\u00e5ned f\u00f8r (\u00a75).<\/p>\n\n\n\n<p>Da vi ikke har kunnet finde et lokale inden for en rimelig afstand af Bromb\u00e6rhaven, ser vi os n\u00f8dsaget til at udskyde Generalforsamlingen til oktober \/ november. Da det er et tilbagevendende problem, vil vi p\u00e5 Generalforsamlingen foresl\u00e5 en vedt\u00e6gts\u00e6ndring, s\u00e5 vi fremover afholder Generalforsamling i oktober \/ november. Teksten vil fremg\u00e5 af indkaldelsen.<\/p>\n\n\n\n<p>Vi har ogs\u00e5 tidligere overvejet at afholde en arbejdsdag i l\u00f8bet af efter\u00e5ret, men vi er enige om at der ikke er opgaver nok p\u00e5 vores vej \u2013 s\u00e5 vi venter til for\u00e5ret 2026.<\/p>\n\n\n\n<p>Som omtalt p\u00e5 sidste Generalforsamling, s\u00e5 blev vi opfordret til at unders\u00f8ge muligheden for at afvikle en kursusaften eller lign omkring biodiversitet og \u2019vilde haver\u2019.<\/p>\n\n\n\n<p>Det er muligt at arrangere noget s\u00e5dant, men det vil v\u00e6re forbundet med en ikke uv\u00e6sentlig udgift, som vi ikke har budgetteret med, og det skal derfor afvikles med brugerbetaling. Vi vil gerne vide om der er opbakning herfor, hvorfor vi beder jer svare p\u00e5 2 sp\u00f8rgsm\u00e5l \u2013 inden udgangen af september \u2013 via dette link:<\/p>\n\n\n\n<p><a href=\"https:\/\/forms.office.com\/r\/vNRbs3yeGJ\">Link til survey<\/a><\/p>\n\n\n\n<figure class=\"wp-block-embed\"><div class=\"wp-block-embed__wrapper\">\nhttps:\/\/forms.office.com\/r\/vNRbs3yeGJ\n<\/div><\/figure>\n\n\n\n<p>Med venlig hilsen<\/p>\n\n\n\n<p>Bestyrelsen<\/p>\n","protected":false},"excerpt":{"rendered":"<p>K\u00e6re alle, Vores vedt\u00e6gter foreskriver at vi afholder Generalforsamling i september m\u00e5ned, med en indkaldelse mindst 1 m\u00e5ned f\u00f8r (\u00a75). Da vi ikke har kunnet finde et lokale inden for en rimelig afstand af Bromb\u00e6rhaven, ser vi os n\u00f8dsaget til at udskyde Generalforsamlingen til oktober \/ november. Da det er et tilbagevendende problem, vil vi [&hellip;]<\/p>\n","protected":false},"author":1,"featured_media":30,"comment_status":"closed","ping_status":"open","sticky":false,"template":"","format":"standard","meta":{"footnotes":""},"categories":[8],"tags":[9],"class_list":["post-89","post","type-post","status-publish","format-standard","has-post-thumbnail","hentry","category-meddelelser","tag-generalforsamling"],"rttpg_featured_image_url":{"full":["https:\/\/sigmer.dk\/wp-content\/uploads\/2026\/04\/BhavenLogo-.png",1024,1024,false],"landscape":["https:\/\/sigmer.dk\/wp-content\/uploads\/2026\/04\/BhavenLogo-.png",1024,1024,false],"portraits":["https:\/\/sigmer.dk\/wp-content\/uploads\/2026\/04\/BhavenLogo-.png",1024,1024,false],"thumbnail":["https:\/\/sigmer.dk\/wp-content\/uploads\/2026\/04\/BhavenLogo--150x150.png",150,150,true],"medium":["https:\/\/sigmer.dk\/wp-content\/uploads\/2026\/04\/BhavenLogo--300x300.png",300,300,true],"large":["https:\/\/sigmer.dk\/wp-content\/uploads\/2026\/04\/BhavenLogo-.png",1024,1024,false],"1536x1536":["https:\/\/sigmer.dk\/wp-content\/uploads\/2026\/04\/BhavenLogo-.png",1024,1024,false],"2048x2048":["https:\/\/sigmer.dk\/wp-content\/uploads\/2026\/04\/BhavenLogo-.png",1024,1024,false]},"rttpg_author":{"display_name":"carsten@sigmer.dk","author_link":"https:\/\/sigmer.dk\/index.php\/author\/carstensigmer-dk\/"},"rttpg_comment":0,"rttpg_category":"<a href=\"https:\/\/sigmer.dk\/index.php\/category\/meddelelser\/\" rel=\"category tag\">Meddelelser<\/a>","rttpg_excerpt":"K\u00e6re alle, Vores vedt\u00e6gter foreskriver at vi afholder Generalforsamling i september m\u00e5ned, med en indkaldelse mindst 1 m\u00e5ned f\u00f8r (\u00a75). Da vi ikke har kunnet finde et lokale inden for en rimelig afstand af Bromb\u00e6rhaven, ser vi os n\u00f8dsaget til at udskyde Generalforsamlingen til oktober \/ november. Da det er et tilbagevendende problem, vil vi&hellip;","_links":{"self":[{"href":"https:\/\/sigmer.dk\/index.php\/wp-json\/wp\/v2\/posts\/89","targetHints":{"allow":["GET"]}}],"collection":[{"href":"https:\/\/sigmer.dk\/index.php\/wp-json\/wp\/v2\/posts"}],"about":[{"href":"https:\/\/sigmer.dk\/index.php\/wp-json\/wp\/v2\/types\/post"}],"author":[{"embeddable":true,"href":"https:\/\/sigmer.dk\/index.php\/wp-json\/wp\/v2\/users\/1"}],"replies":[{"embeddable":true,"href":"https:\/\/sigmer.dk\/index.php\/wp-json\/wp\/v2\/comments?post=89"}],"version-history":[{"count":1,"href":"https:\/\/sigmer.dk\/index.php\/wp-json\/wp\/v2\/posts\/89\/revisions"}],"predecessor-version":[{"id":90,"href":"https:\/\/sigmer.dk\/index.php\/wp-json\/wp\/v2\/posts\/89\/revisions\/90"}],"wp:featuredmedia":[{"embeddable":true,"href":"https:\/\/sigmer.dk\/index.php\/wp-json\/wp\/v2\/media\/30"}],"wp:attachment":[{"href":"https:\/\/sigmer.dk\/index.php\/wp-json\/wp\/v2\/media?parent=89"}],"wp:term":[{"taxonomy":"category","embeddable":true,"href":"https:\/\/sigmer.dk\/index.php\/wp-json\/wp\/v2\/categories?post=89"},{"taxonomy":"post_tag","embeddable":true,"href":"https:\/\/sigmer.dk\/index.php\/wp-json\/wp\/v2\/tags?post=89"}],"curies":[{"name":"wp","href":"https:\/\/api.w.org\/{rel}","templated":true}]}}